{"id":43228,"date":"2026-03-17T21:51:36","date_gmt":"2026-03-17T18:51:36","guid":{"rendered":"https:\/\/estherian.com\/mandy-moores-new-face\/"},"modified":"2026-04-24T09:23:46","modified_gmt":"2026-04-24T06:23:46","slug":"mandy-mooreun-yeni-yuzu","status":"publish","type":"post","link":"https:\/\/estherian.com\/tr\/mandy-mooreun-yeni-yuzu\/","title":{"rendered":"Mandy Moore&#8217;un Yeni Y\u00fcz\u00fc: D\u00f6n\u00fc\u015f\u00fcm\u00fcn Arkas\u0131ndaki Operasyonlar"},"content":{"rendered":"\n<p>&#8220;Unutulmaz Bir Y\u00fcr\u00fcy\u00fc\u015f&#8221; gibi gi\u015fe rekorlar\u0131 k\u0131ran filmleriyle tan\u0131nan Mandy Moore, 2000&#8217;lerin ba\u015f\u0131nda herkesin ilgi oda\u011f\u0131yd\u0131. \u0130ri g\u00f6zleri ve \u0131\u015f\u0131lt\u0131l\u0131 g\u00fcl\u00fcmsemesi bir\u00e7ok ki\u015fi taraf\u0131ndan be\u011feniliyordu. Ancak son zamanlarda yapt\u0131\u011f\u0131 bir halka a\u00e7\u0131k g\u00f6r\u00fcn\u00fcm, y\u00fcz hatlar\u0131ndaki de\u011fi\u015fiklikler nedeniyle bir\u00e7ok ki\u015fiyi \u015fa\u015f\u0131rtt\u0131. Baz\u0131lar\u0131 bu de\u011fi\u015fikliklerin ya\u015flanmadan kaynaklanabilece\u011fine inan\u0131rken, di\u011ferleri estetik ameliyat olmu\u015f olabilece\u011fini d\u00fc\u015f\u00fcn\u00fcyor. Bu blog yaz\u0131s\u0131, <a href=\"https:\/\/estherian.com\/tr\/veneer-bakimi\/\">g\u00f6r\u00fcn\u00fcm\u00fcn\u00fcn nas\u0131l evrildi\u011fini<\/a> ve yeni y\u00fcz\u00fcn\u00fcn neden bu kadar farkl\u0131 g\u00f6r\u00fcnd\u00fc\u011f\u00fcn\u00fc analiz edecek.<\/p>\n\n\n<div class=\"wp-block-image\">\n<figure class=\"aligncenter size-large\"><img decoding=\"async\" width=\"864\" height=\"1080\" src=\"https:\/\/estherian.com\/wp-content\/uploads\/2026\/03\/Mandy-Moores-New-Face-estherianclinic-Tr.jpg-864x1080.jpeg\" alt=\"Mandy Moore'un \u00f6nceki ve sonraki y\u00fcz foto\u011fraflar\u0131.\" class=\"wp-image-43234\" srcset=\"https:\/\/estherian.com\/wp-content\/uploads\/2026\/03\/Mandy-Moores-New-Face-estherianclinic-Tr.jpg-864x1080.jpeg 864w, https:\/\/estherian.com\/wp-content\/uploads\/2026\/03\/Mandy-Moores-New-Face-estherianclinic-Tr.jpg-352x440.jpeg 352w, https:\/\/estherian.com\/wp-content\/uploads\/2026\/03\/Mandy-Moores-New-Face-estherianclinic-Tr.jpg-768x960.jpeg 768w, https:\/\/estherian.com\/wp-content\/uploads\/2026\/03\/Mandy-Moores-New-Face-estherianclinic-Tr.jpg-1229x1536.jpeg 1229w, https:\/\/estherian.com\/wp-content\/uploads\/2026\/03\/Mandy-Moores-New-Face-estherianclinic-Tr.jpg-1638x2048.jpeg 1638w, https:\/\/estherian.com\/wp-content\/uploads\/2026\/03\/Mandy-Moores-New-Face-estherianclinic-Tr.jpg-scaled.jpeg 2048w\" sizes=\"(max-width: 864px) 100vw, 864px\" \/><figcaption class=\"wp-element-caption\">Mandy Moore&#8217;un \u00f6nceki ve sonraki y\u00fcz foto\u011fraflar\u0131.<\/figcaption><\/figure>\n<\/div>\n\n\n<h2 class=\"wp-block-heading\">\ud83d\udd0d Mandy Moore&#8217;un Y\u00fcz Hatlar\u0131n\u0131 Analiz Etmek<\/h2>\n\n\n\n<p>Mandy Moore her zaman bir\u00e7ok ki\u015finin arzulad\u0131\u011f\u0131 o do\u011fal gen\u00e7 g\u00f6r\u00fcn\u00fcme sahipti. Kariyerinin ba\u015flar\u0131nda, y\u00fcz\u00fc bebek ya\u011f\u0131 (tombullu\u011fu) nedeniyle \u00e7ok daha yumu\u015fakt\u0131. G\u00f6z kapaklar\u0131nda hafif bir sark\u0131kl\u0131k (hooding) vard\u0131 ve burnunun kemeri daha geni\u015fti, ucu ise hafif\u00e7e etliydi. Buna ek olarak, g\u00f6z kapaklar\u0131ndaki dolgunluk onu \u00e7ok taze ve gen\u00e7 g\u00f6steriyordu.<\/p>\n\n\n\n<p>Ayr\u0131ca, \u00e7ene hatt\u0131 eskiden biraz daha belirgindi ve \u00e7enesi daha geni\u015fti.<\/p>\n\n\n\n<h2 class=\"wp-block-heading\">\u2728 Mandy Moore&#8217;un Yeni Y\u00fcz\u00fc: Y\u00fcz\u00fcndeki De\u011fi\u015fiklikler<\/h2>\n\n\n\n<p>Mandy Moore&#8217;un y\u00fcz\u00fc y\u0131llar i\u00e7inde b\u00fcy\u00fck \u00f6l\u00e7\u00fcde de\u011fi\u015fti. G\u00f6z kapaklar\u0131 daha \u00e7\u00f6k\u00fck ve bo\u015fluklu g\u00f6r\u00fcn\u00fcyor. Ayr\u0131ca, y\u00fcz\u00fc genel olarak daha yontulmu\u015f g\u00f6r\u00fcn\u00fcyor ve t\u00fcm y\u00fcz yap\u0131s\u0131 daha az yumu\u015fak ve yuvarlak.<\/p>\n\n\n\n<p>Buna ek olarak, burun ucu eskisinden daha ince g\u00f6r\u00fcn\u00fcyor ve \u00e7enesi eskisinden daha kare g\u00f6r\u00fcn\u00fcyor.<\/p>\n\n\n<div class=\"wp-block-image\">\n<figure class=\"aligncenter size-large\"><img decoding=\"async\" width=\"864\" height=\"1080\" src=\"https:\/\/estherian.com\/wp-content\/uploads\/2026\/03\/Mandy-Moores-New-Face-estherianclinic-En.jpg-1-864x1080.jpeg\" alt=\"Mandy Moore'un Yeni Y\u00fcz\u00fc\" class=\"wp-image-43221\" srcset=\"https:\/\/estherian.com\/wp-content\/uploads\/2026\/03\/Mandy-Moores-New-Face-estherianclinic-En.jpg-1-864x1080.jpeg 864w, https:\/\/estherian.com\/wp-content\/uploads\/2026\/03\/Mandy-Moores-New-Face-estherianclinic-En.jpg-1-352x440.jpeg 352w, https:\/\/estherian.com\/wp-content\/uploads\/2026\/03\/Mandy-Moores-New-Face-estherianclinic-En.jpg-1-768x960.jpeg 768w, https:\/\/estherian.com\/wp-content\/uploads\/2026\/03\/Mandy-Moores-New-Face-estherianclinic-En.jpg-1-1229x1536.jpeg 1229w, https:\/\/estherian.com\/wp-content\/uploads\/2026\/03\/Mandy-Moores-New-Face-estherianclinic-En.jpg-1-1638x2048.jpeg 1638w, https:\/\/estherian.com\/wp-content\/uploads\/2026\/03\/Mandy-Moores-New-Face-estherianclinic-En.jpg-1-scaled.jpeg 2048w\" sizes=\"(max-width: 864px) 100vw, 864px\" \/><figcaption class=\"wp-element-caption\">Mandy Moore&#8217;un Yeni Y\u00fcz\u00fc<\/figcaption><\/figure>\n<\/div>\n\n\n<h2 class=\"wp-block-heading\">\ud83d\udc43 Mandy Moore&#8217;un Burun Esteti\u011fi (Rinoplasti)<\/h2>\n\n\n\n<p>Mandy Moore&#8217;un rinoplasti (burun esteti\u011fi) yapt\u0131rm\u0131\u015f olabilece\u011fine dair baz\u0131 spek\u00fclasyonlar var, \u00e7\u00fcnk\u00fc burnu daha d\u00fcz ve dar g\u00f6r\u00fcn\u00fcyor, bu da burnunun eskisinden daha uzun g\u00f6r\u00fcnmesine neden oluyor.<\/p>\n\n\n\n<p><strong><em>\ud83d\udccd \u00dcnl\u00fc plastik cerrahisi hakk\u0131nda daha fazla blog okumak ister misiniz?<\/em><\/strong><a href=\"https:\/\/estherian.com\/tr\/ryan-goslingin-yuz-degisimi\/\"><strong><em> Ryan Gosling&#8217;in Y\u00fcz D\u00f6n\u00fc\u015f\u00fcm\u00fc hakk\u0131ndaki bu blog yaz\u0131s\u0131na g\u00f6z at\u0131n.<\/em><\/strong><\/a><\/p>\n\n\n<div class=\"wp-block-image\">\n<figure class=\"aligncenter size-full\"><img decoding=\"async\" width=\"1280\" height=\"721\" src=\"https:\/\/estherian.com\/wp-content\/uploads\/2026\/03\/Mandy-Moore-2025-Red-Carpet-Look.avif\" alt=\"Mandy Moore'un 2025 K\u0131rm\u0131z\u0131 Hal\u0131 G\u00f6r\u00fcn\u00fcm\u00fc\" class=\"wp-image-43223\" srcset=\"https:\/\/estherian.com\/wp-content\/uploads\/2026\/03\/Mandy-Moore-2025-Red-Carpet-Look.avif 1280w, https:\/\/estherian.com\/wp-content\/uploads\/2026\/03\/Mandy-Moore-2025-Red-Carpet-Look-440x248.avif 440w, https:\/\/estherian.com\/wp-content\/uploads\/2026\/03\/Mandy-Moore-2025-Red-Carpet-Look-393x221.avif 393w, https:\/\/estherian.com\/wp-content\/uploads\/2026\/03\/Mandy-Moore-2025-Red-Carpet-Look-768x433.avif 768w\" sizes=\"(max-width: 1280px) 100vw, 1280px\" \/><figcaption class=\"wp-element-caption\">Mandy Moore&#8217;un 2025 K\u0131rm\u0131z\u0131 Hal\u0131 G\u00f6r\u00fcn\u00fcm\u00fc<\/figcaption><\/figure>\n<\/div>\n\n\n<h2 class=\"wp-block-heading\">\ud83d\udc41\ufe0f Mandy Moore G\u00f6z Kapa\u011f\u0131 Esteti\u011fi (Blefaroplasti) Yapt\u0131rd\u0131 m\u0131?<\/h2>\n\n\n\n<p>Mandy Moore&#8217;un \u00fcst blefaroplasti, yani <a href=\"https:\/\/www.nhs.uk\/tests-and-treatments\/cosmetic-procedures\/cosmetic-surgery\/eyelid-surgery\/\">g\u00f6z kapa\u011f\u0131 esteti\u011fi<\/a> ge\u00e7irmi\u015f olmas\u0131 gerekti\u011fine dair spek\u00fclasyonlar var. Bunun nedeni, g\u00f6z kapaklar\u0131nda eskiden sark\u0131kl\u0131\u011fa (hooding) neden olan fazla deri bulunmas\u0131yd\u0131. Ancak, g\u00f6z kapaklar\u0131 eskisinden \u00e7ok daha gergin g\u00f6r\u00fcn\u00fcyor. G\u00f6z kapaklar\u0131ndaki sark\u0131kl\u0131\u011f\u0131n (hooding) olmamas\u0131, g\u00f6zlerinin eskisinden daha a\u00e7\u0131k g\u00f6r\u00fcnmesini sa\u011fl\u0131yor.<\/p>\n\n\n\n<p>Tipik olarak, \u00fcst blefaroplasti i\u015flemleri g\u00f6z kapa\u011f\u0131ndaki sark\u0131kl\u0131\u011f\u0131 ve fazla deriyi (hooding) ortadan kald\u0131rmak i\u00e7in yap\u0131l\u0131r. Cerrah, fazla kas ve deriyi ve gerekirse ya\u011f\u0131 alarak \u00fcst g\u00f6z kapa\u011f\u0131n\u0131 s\u0131k\u0131la\u015ft\u0131r\u0131r ve kald\u0131r\u0131r, b\u00f6ylece \u00fcst g\u00f6z kapaklar\u0131n\u0131n daha p\u00fcr\u00fczs\u00fcz g\u00f6r\u00fcnmesini ve g\u00f6zlerin a\u00e7\u0131k g\u00f6r\u00fcnmesini sa\u011flar.<\/p>\n\n\n\n<p>Ancak, g\u00f6z kapaklar\u0131n\u0131n \u00e7ok gergin g\u00f6r\u00fcnmemesini ve hissettirmemesini sa\u011flamak i\u00e7in g\u00f6z kapa\u011f\u0131 derisi al\u0131m\u0131 (eksizyonu) dikkatli ve \u00f6l\u00e7\u00fcl\u00fc yap\u0131lmal\u0131d\u0131r. Cerrah \u00fcst g\u00f6z kapaklar\u0131ndan \u00e7ok fazla deri al\u0131rsa, \u00fcst g\u00f6z kapaklar\u0131n\u0131n bo\u015fluklu ve \u00e7\u00f6k\u00fck g\u00f6r\u00fcnmesine neden olabilir, bu da insanlar\u0131n daha ya\u015fl\u0131 ve daha olgun g\u00f6r\u00fcnmesine yol a\u00e7abilir.<\/p>\n\n\n\n<div class=\"wp-block-estherian-youtube-player\"><div style=\"max-width:850px;width:100%;margin:50px auto\"><div class=\"estherian-youtube-player\" data-video-id=\"s3CA4WStScs\" data-no-lazy=\"1\" style=\"position:relative;cursor:pointer;max-width:100%;overflow:hidden\"><img decoding=\"async\" src=\"https:\/\/estherian.com\/wp-content\/uploads\/2026\/03\/youtube-thumbnail-s3CA4WStScs.jpg\" alt=\"YouTube Thumbnail\" data-no-lazy=\"1\" loading=\"eager\" style=\"width:100%;height:auto;display:block\"\/><div class=\"estherian-youtube-play-button\" style=\"position:absolute;top:50%;left:50%;transform:translate(-50%, -50%);width:68px;height:48px;z-index:5\"><svg xmlns=\"http:\/\/www.w3.org\/2000\/svg\" viewBox=\"0 0 68 48\" style=\"width:100%;height:100%\"><path d=\"M66.52,7.74c-0.78-2.93-2.49-5.41-5.42-6.19C55.79,.13,34,0,34,0S12.21,.13,6.9,1.55 C3.97,2.33,2.27,4.81,1.48,7.74C0.06,13.05,0,24,0,24s0.06,10.95,1.48,16.26c0.78,2.93,2.49,5.41,5.42,6.19 C12.21,47.87,34,48,34,48s21.79-0.13,27.1-1.55c2.93-0.78,4.64-3.26,5.42-6.19C67.94,34.95,68,24,68,24S67.94,13.05,66.52,7.74z\" fill=\"#b3863d\"><\/path><path d=\"M 45,24 27,14 27,34\" fill=\"#fff\"><\/path><\/svg><\/div><\/div><\/div><\/div>\n\n<script type=\"application\/ld+json\">{\"@context\":\"https:\/\/schema.org\",\"@type\":\"VideoObject\",\"name\":\"Mandy Moore'un Yeni Y\u00fcz\u00fc: D\u00f6n\u00fc\u015f\u00fcm\u00fcn Arkas\u0131ndaki Operasyonlar\",\"description\":\"Mandy Moore'un Yeni Y\u00fcz\u00fc: D\u00f6n\u00fc\u015f\u00fcm\u00fcn Arkas\u0131ndaki Operasyonlar\",\"embedUrl\":\"https:\/\/www.youtube-nocookie.com\/embed\/s3CA4WStScs\",\"contentUrl\":\"https:\/\/www.youtube.com\/watch?v=s3CA4WStScs\",\"thumbnailUrl\":\"https:\/\/estherian.com\/wp-content\/uploads\/2026\/03\/youtube-thumbnail-s3CA4WStScs.jpg\",\"uploadDate\":\"2026-03-17T21:51:36+03:00\",\"creditText\":\"Estherian Clinic\",\"copyrightNotice\":\"\u00a9 2026 Estherian Clinic\"}<\/script>\n\n\n<h2 class=\"wp-block-heading\" id=\"h-mandy-moore-hakkindaki-yuz-germe-facelift-soylentileri-dogru-mu\">\ud83d\udd0d Mandy Moore Hakk\u0131ndaki Y\u00fcz Germe (Facelift) S\u00f6ylentileri: Do\u011fru mu?<\/h2>\n\n\n\n<p>Mandy Moore&#8217;un y\u00fcz\u00fcnde genel bir hacim kayb\u0131 var gibi g\u00f6r\u00fcn\u00fcyor, bu da hatlar\u0131n\u0131n daha yontulmu\u015f ve keskin g\u00f6r\u00fcnmesini sa\u011fl\u0131yor. Bu durum etraf\u0131nda bir\u00e7ok \u00fcnl\u00fc dedikodusuna yol a\u00e7t\u0131 ve bir\u00e7ok ki\u015fi Mandy Moore&#8217;un <a href=\"https:\/\/estherian.com\/tr\/vanessa-kirby-yuz-germe-dolgular\/\">y\u00fcz gerdirme<\/a> (facelift) yapt\u0131r\u0131p yapt\u0131rmad\u0131\u011f\u0131n\u0131 merak ediyor.<\/p>\n\n\n\n<p>Ancak, son foto\u011fraflar\u0131n\u0131n yak\u0131n bir analizi, y\u00fcz\u00fcndeki incelme ve hacim kayb\u0131n\u0131n, bir y\u00fcz germe (facelift) i\u015fleminden \u00e7ok h\u0131zl\u0131 kilo kayb\u0131n\u0131n bir sonucu gibi g\u00f6r\u00fcnd\u00fc\u011f\u00fcn\u00fc g\u00f6steriyor.<\/p>\n\n\n\n<p><a href=\"https:\/\/estherian.com\/tr\/derin-yuz-germe\/\"><strong><em>\ud83d\udccd Farkl\u0131 y\u00fcz germe (facelift) tekniklerini par\u00e7alara ay\u0131rd\u0131\u011f\u0131m\u0131z ve s\u0131k sorulan baz\u0131 sorular\u0131 da yan\u0131tlad\u0131\u011f\u0131m\u0131z blog yaz\u0131m\u0131z\u0131 da okuyabilirsiniz.<\/em><\/strong><\/a><\/p>\n\n\n\n<h2 class=\"wp-block-heading\">\ud83d\udc89 Mandy Moore Yanak Ya\u011f\u0131 Ald\u0131rma (Bukkal Ya\u011f Alma) Yapt\u0131rd\u0131 m\u0131?<\/h2>\n\n\n\n<p>Mandy Moore&#8217;un elmac\u0131k kemikleri eskisinden \u00e7ok daha belirgin g\u00f6r\u00fcn\u00fcyor ve alt yanak b\u00f6lgesinde baz\u0131 \u00e7\u00f6k\u00fcnt\u00fcler (hollowing) var gibi g\u00f6r\u00fcn\u00fcyor. Bu, y\u00fcz\u00fcn\u00fcn daha olgun ve neredeyse \u00e7\u00f6km\u00fc\u015f g\u00f6r\u00fcnmesine neden oluyor. Ve, y\u00fczdeki bu t\u00fcr bir \u00e7\u00f6k\u00fcnt\u00fc genellikle bukkal ya\u011f alma (buccal fat removal) i\u015fleminin sonucu olsa da, Mandy Moore&#8217;un durumunda, bu her \u015feyden \u00e7ok kilo kayb\u0131n\u0131n bir sonucu gibi g\u00f6r\u00fcn\u00fcyor.<\/p>\n\n\n\n<p><strong><em>\ud83d\udccd Bukkal ya\u011f alma (Buccal fat removal) prosed\u00fcr\u00fcn\u00fcn size nas\u0131l en keskin yanaklar\u0131 kazand\u0131rabilece\u011fini \u00f6\u011frenmek istiyorsan\u0131z, prosed\u00fcr\u00fc daha iyi anlamak ve ayr\u0131ca Estherian Clinic&#8217;teki T\u00fcrkiye&#8217;nin en iyi cerrahlar\u0131 taraf\u0131ndan yap\u0131lan ger\u00e7ek hasta d\u00f6n\u00fc\u015f\u00fcmlerine g\u00f6z atmak i\u00e7in <\/em><\/strong><a href=\"https:\/\/estherian.com\/tr\/keskin-yanaklar-101\/\"><strong><em>bu blog yaz\u0131s\u0131na g\u00f6z at\u0131n<\/em><\/strong><\/a><strong><em>.<\/em><\/strong><\/p>\n\n\n\n<h2 class=\"wp-block-heading\">\u2728 Ger\u00e7ek Ba\u015far\u0131 Hik\u00e2yeleri, Ger\u00e7ek Sonu\u00e7lar: Ola\u011fan\u00fcst\u00fc Bir Y\u00fcz D\u00f6n\u00fc\u015f\u00fcm\u00fc<\/h2>\n\n\n\n<p>Hastam\u0131z, y\u00fcz\u00fcne gen\u00e7lik kazand\u0131rmak ve canl\u0131l\u0131k geri getirmek i\u00e7in Estherian Klini\u011fi&#8217;ne geldi. Cerrah\u0131m\u0131z, y\u00fcz ve boyun germenin yan\u0131 s\u0131ra alt g\u00f6z kapa\u011f\u0131 liftingi ger\u00e7ekle\u015ftirdi. Gelin, d\u00f6n\u00fc\u015f\u00fcm\u00fcne daha yak\u0131ndan bakal\u0131m:<\/p>\n\n\n\n<div class=\"wp-block-columns is-layout-flex wp-container-core-columns-is-layout-9d6595d7 wp-block-columns-is-layout-flex\">\n<div class=\"wp-block-column is-layout-flow wp-block-column-is-layout-flow\">\n<figure class=\"wp-block-image size-large\"><img decoding=\"async\" width=\"864\" height=\"1080\" src=\"https:\/\/estherian.com\/wp-content\/uploads\/2026\/03\/Face-and-Necklift-before-and-after-photo-by-the-Estherian-Clinic-864x1080.jpeg\" alt=\"Estherian Klini\u011fi taraf\u0131ndan \u00e7ekilen y\u00fcz ve boyun germe ameliyat\u0131 \u00f6ncesi ve sonras\u0131 foto\u011fraflar\u0131.\" class=\"wp-image-44166\" srcset=\"https:\/\/estherian.com\/wp-content\/uploads\/2026\/03\/Face-and-Necklift-before-and-after-photo-by-the-Estherian-Clinic-864x1080.jpeg 864w, https:\/\/estherian.com\/wp-content\/uploads\/2026\/03\/Face-and-Necklift-before-and-after-photo-by-the-Estherian-Clinic-352x440.jpeg 352w, https:\/\/estherian.com\/wp-content\/uploads\/2026\/03\/Face-and-Necklift-before-and-after-photo-by-the-Estherian-Clinic-768x960.jpeg 768w, https:\/\/estherian.com\/wp-content\/uploads\/2026\/03\/Face-and-Necklift-before-and-after-photo-by-the-Estherian-Clinic.jpeg 1080w\" sizes=\"(max-width: 864px) 100vw, 864px\" \/><figcaption class=\"wp-element-caption\">Estherian Klini\u011fi taraf\u0131ndan \u00e7ekilen y\u00fcz ve boyun germe ameliyat\u0131 \u00f6ncesi ve sonras\u0131 foto\u011fraflar\u0131.<\/figcaption><\/figure>\n<\/div>\n\n\n\n<div class=\"wp-block-column is-layout-flow wp-block-column-is-layout-flow\">\n<figure class=\"wp-block-image size-large\"><img decoding=\"async\" width=\"864\" height=\"1080\" src=\"https:\/\/estherian.com\/wp-content\/uploads\/2026\/03\/Face-and-Necklift-before-and-after-photo-real-patient-success-story-by-the-Estherian-Clinic-864x1080.jpeg\" alt=\"Estherian Klini\u011fi taraf\u0131ndan ger\u00e7ekle\u015ftirilen Y\u00fcz ve Boyun Germe ameliyat\u0131n\u0131n \u00f6ncesi ve sonras\u0131 foto\u011fraflar\u0131 (ger\u00e7ek hasta ba\u015far\u0131 \u00f6yk\u00fcs\u00fc).\" class=\"wp-image-44165\" srcset=\"https:\/\/estherian.com\/wp-content\/uploads\/2026\/03\/Face-and-Necklift-before-and-after-photo-real-patient-success-story-by-the-Estherian-Clinic-864x1080.jpeg 864w, https:\/\/estherian.com\/wp-content\/uploads\/2026\/03\/Face-and-Necklift-before-and-after-photo-real-patient-success-story-by-the-Estherian-Clinic-352x440.jpeg 352w, https:\/\/estherian.com\/wp-content\/uploads\/2026\/03\/Face-and-Necklift-before-and-after-photo-real-patient-success-story-by-the-Estherian-Clinic-768x960.jpeg 768w, https:\/\/estherian.com\/wp-content\/uploads\/2026\/03\/Face-and-Necklift-before-and-after-photo-real-patient-success-story-by-the-Estherian-Clinic.jpeg 1080w\" sizes=\"(max-width: 864px) 100vw, 864px\" \/><figcaption class=\"wp-element-caption\">Estherian Klini\u011fi taraf\u0131ndan ger\u00e7ekle\u015ftirilen Y\u00fcz ve Boyun Germe ameliyat\u0131n\u0131n \u00f6ncesi ve sonras\u0131 foto\u011fraflar\u0131 (ger\u00e7ek hasta ba\u015far\u0131 \u00f6yk\u00fcs\u00fc).<\/figcaption><\/figure>\n<\/div>\n<\/div>\n\n\n\n<h3 class=\"wp-block-heading\">Ameliyat \u00d6ncesi<\/h3>\n\n\n\n<ul class=\"wp-block-list\">\n<li>Cerrahi d\u00f6n\u00fc\u015f\u00fcm\u00fcnden \u00f6nce, hastan\u0131n alt y\u00fcz b\u00f6lgesinde sarkmalar mevcuttu; bu da \u00e7ene hatlar\u0131ndaki sarkmalar\u0131 (jowl) daha belirgin hale getiriyordu.\u00a0<\/li>\n\n\n\n<li>Ayr\u0131ca \u00e7ene alt\u0131nda fazla deri vard\u0131 ve bu hafif bir \u00e7ift \u00e7ene g\u00f6r\u00fcn\u00fcm\u00fc olu\u015fturuyordu. Bununla birlikte, orta y\u00fcz b\u00f6lgesinde de sarkmalar vard\u0131 ve bu, a\u011f\u0131z kenar\u0131ndaki kaz ayaklar\u0131n\u0131 (marionette \u00e7izgileri) belirginle\u015ftiriyordu.\u00a0<\/li>\n\n\n\n<li>\u00dcst y\u00fcz b\u00f6lgesinde ise hacim eksikli\u011fi vard\u0131; bu da y\u00fcz\u00fcn \u00e7\u00f6k\u00fck ve ya\u015fl\u0131 g\u00f6r\u00fcnmesine neden oluyordu. G\u00f6z alt\u0131 torbalar\u0131 olduk\u00e7a belirgindi, bu da hastan\u0131n yorgun g\u00f6r\u00fcnmesine yol a\u00e7\u0131yordu.\u00a0<\/li>\n\n\n\n<li>Ayr\u0131ca g\u00f6z altlar\u0131nda k\u0131r\u0131\u015f\u0131kl\u0131klar ve ince \u00e7izgiler vard\u0131. Bunun yan\u0131nda, \u00fcst g\u00f6z kapaklar\u0131nda fazla deri bulunuyordu; bu da g\u00f6zlerinin a\u00e7\u0131k ve din\u00e7 g\u00f6r\u00fcnmesini engelliyordu.\u00a0<\/li>\n\n\n\n<li>T\u00fcm bunlar g\u00f6z \u00f6n\u00fcne al\u0131nd\u0131\u011f\u0131nda, hastan\u0131n ihtiyac\u0131 olan \u015fey, y\u00fcz\u00fcn\u00fc gen\u00e7le\u015ftirmeye, cildini s\u0131k\u0131la\u015ft\u0131rmaya ve y\u00fcz\u00fcne daha gen\u00e7, gergin bir g\u00f6r\u00fcn\u00fcm kazand\u0131rmaya odaklanan ki\u015fiye \u00f6zel bir cerrahi pland\u0131.<\/li>\n<\/ul>\n\n\n\n<h3 class=\"wp-block-heading\">Ameliyat Sonras\u0131<\/h3>\n\n\n\n<ul class=\"wp-block-list\">\n<li>\u00d6ncelikle cerrah\u0131m\u0131z, hastan\u0131n boyun ve y\u00fcz b\u00f6lgesini daha p\u00fcr\u00fczs\u00fcz ve gergin hale getirmek i\u00e7in boyun ve y\u00fcz germe i\u015flemi uygulad\u0131.\u00a0<\/li>\n\n\n\n<li>Y\u00fcz germe sayesinde, a\u011f\u0131z kenar\u0131ndaki kaz ayaklar\u0131 neredeyse tamamen kayboldu ve orta y\u00fczdeki sark\u0131k g\u00f6r\u00fcn\u00fcm ortadan kalkt\u0131.\u00a0<\/li>\n\n\n\n<li>Boyun germe ise, boyun b\u00f6lgesindeki k\u0131r\u0131\u015f\u0131kl\u0131klar\u0131n g\u00f6r\u00fcn\u00fcm\u00fcn\u00fc g\u00f6zle g\u00f6r\u00fcl\u00fcr \u015fekilde azaltt\u0131. Boynu art\u0131k \u00e7ok daha s\u0131k\u0131 g\u00f6r\u00fcn\u00fcyor; ayr\u0131ca boyun germe i\u015flemi \u00e7ene hatt\u0131n\u0131n da \u015fekillenmesine yard\u0131mc\u0131 oldu.\u00a0<\/li>\n\n\n\n<li>T\u00fcm bunlara ek olarak, y\u00fcz germe cildindeki k\u0131r\u0131\u015f\u0131kl\u0131klar\u0131 da ortadan kald\u0131rd\u0131; cildi art\u0131k daha s\u0131k\u0131 ve diri g\u00f6r\u00fcn\u00fcyor.\u00a0<\/li>\n\n\n\n<li>\u0130ki ameliyat\u0131n kombinasyonu, hastan\u0131n y\u00fcz\u00fcn\u00fc tazelenmi\u015f ve din\u00e7 g\u00f6stermektedir.<\/li>\n\n\n\n<li>Ayr\u0131ca, alt g\u00f6z kapa\u011f\u0131 liftingi ile g\u00f6z altlar\u0131na p\u00fcr\u00fczs\u00fczl\u00fck kazand\u0131r\u0131ld\u0131 ve g\u00f6zlerin genel olarak daha enerjik g\u00f6r\u00fcnmesi sa\u011fland\u0131.<\/li>\n<\/ul>\n\n\n\n<h2 class=\"wp-block-heading\">\u2728 Ekibimizle Ba\u011flant\u0131 Kurun!<\/h2>\n\n\n\n<p id=\"h-\"><strong><em>Sorular\u0131n\u0131z m\u0131 var? <\/em><\/strong><a href=\"https:\/\/estherian.com\/tr\/contact\/\"><strong><em>Uzmanlar\u0131m\u0131zla konu\u015fmak i\u00e7in bug\u00fcn ileti\u015fim formumuzu doldurun!<\/em><\/strong><\/a><\/p>\n","protected":false},"excerpt":{"rendered":"<p>A Walk to Remember gibi gi\u015fe rekorlar\u0131 k\u0131ran filmleriyle tan\u0131nan Mandy Moore, 2000&#8217;lerin ba\u015f\u0131nda herkesin hayranl\u0131k duydu\u011fu isimdi. \u0130ri g\u00f6zleri ve \u0131\u015f\u0131lt\u0131l\u0131 g\u00fcl\u00fc\u015f\u00fc bir\u00e7ok ki\u015fi taraf\u0131ndan be\u011feniliyordu. Ancak son zamanlarda yapt\u0131\u011f\u0131 bir halka a\u00e7\u0131k g\u00f6r\u00fcn\u00fcm, y\u00fcz hatlar\u0131ndaki de\u011fi\u015fiklikler nedeniyle bir\u00e7ok ki\u015fiyi \u015fa\u015f\u0131rtt\u0131. Baz\u0131lar\u0131 bu de\u011fi\u015fikliklerin ya\u015flanmadan kaynaklanabilece\u011fini d\u00fc\u015f\u00fcn\u00fcrken, di\u011ferleri estetik operasyon ge\u00e7irmi\u015f olabilece\u011fine inan\u0131yor. Bu blog yaz\u0131s\u0131, g\u00f6r\u00fcn\u00fcm\u00fcn\u00fcn nas\u0131l evrildi\u011fini ve yeni y\u00fcz\u00fcn\u00fcn neden bu kadar farkl\u0131 g\u00f6r\u00fcnd\u00fc\u011f\u00fcn\u00fc analiz edecek.<\/p>\n","protected":false},"author":10,"featured_media":43230,"comment_status":"closed","ping_status":"open","sticky":false,"template":"","format":"standard","meta":{"footnotes":""},"categories":[157],"tags":[],"class_list":["post-43228","post","type-post","status-publish","format-standard","has-post-thumbnail","hentry","category-cosmetic-surgery","category-157","description-off"],"yoast_head":"<!-- This site is optimized with the Yoast SEO Premium plugin v27.3 (Yoast SEO v27.3) - https:\/\/yoast.com\/product\/yoast-seo-premium-wordpress\/ -->\n<title>Mandy Moore&#039;un Yeni Y\u00fcz\u00fc: D\u00f6n\u00fc\u015f\u00fcm\u00fcn Arkas\u0131ndaki Operasyonlar | Estherian Clinic<\/title>\n<meta name=\"description\" content=\"Bu blog, Mandy Moore&#039;un yeni y\u00fcz\u00fcn\u00fcn ard\u0131ndaki olas\u0131 estetik i\u015flemleri ara\u015ft\u0131r\u0131yor ve bu i\u015flemlere daha derin bir bak\u0131\u015f sunuyor.\" \/>\n<meta name=\"robots\" content=\"index, follow, max-snippet:-1, max-image-preview:large, max-video-preview:-1\" \/>\n<link rel=\"canonical\" href=\"https:\/\/estherian.com\/tr\/mandy-mooreun-yeni-yuzu\/\" \/>\n<meta property=\"og:locale\" content=\"tr_TR\" \/>\n<meta property=\"og:type\" content=\"article\" \/>\n<meta property=\"og:title\" content=\"Mandy Moore&#039;un Yeni Y\u00fcz\u00fc: D\u00f6n\u00fc\u015f\u00fcm\u00fcn Arkas\u0131ndaki Operasyonlar\" \/>\n<meta property=\"og:description\" content=\"Take a seat and read some news about beauty. Estherian Clinic is publishing regular blog posts to learn details about plastic surgery, dental treatments and related services.\" \/>\n<meta property=\"og:url\" content=\"https:\/\/estherian.com\/tr\/mandy-mooreun-yeni-yuzu\/\" \/>\n<meta property=\"og:site_name\" content=\"Estherian Clinic\" \/>\n<meta property=\"article:publisher\" content=\"https:\/\/www.facebook.com\/estherianclinic.en\" \/>\n<meta property=\"article:published_time\" content=\"2026-03-17T18:51:36+00:00\" \/>\n<meta property=\"article:modified_time\" content=\"2026-04-24T06:23:46+00:00\" \/>\n<meta property=\"og:image\" content=\"https:\/\/estherian.com\/wp-content\/uploads\/2026\/03\/Mandy-Moores-new-face.jpg\" \/>\n\t<meta property=\"og:image:width\" content=\"1920\" \/>\n\t<meta property=\"og:image:height\" content=\"1079\" \/>\n\t<meta property=\"og:image:type\" content=\"image\/jpeg\" \/>\n<meta name=\"author\" content=\"Content Writer\" \/>\n<meta name=\"twitter:card\" content=\"summary_large_image\" \/>\n<meta name=\"twitter:creator\" content=\"@EstherianTr\" \/>\n<meta name=\"twitter:site\" content=\"@EstherianTr\" \/>\n<meta name=\"twitter:label1\" content=\"Yazan:\" \/>\n\t<meta name=\"twitter:data1\" content=\"Content Writer\" \/>\n\t<meta name=\"twitter:label2\" content=\"Tahmini okuma s\u00fcresi\" \/>\n\t<meta name=\"twitter:data2\" content=\"8 dakika\" \/>\n<script type=\"application\/ld+json\" class=\"yoast-schema-graph\">{\"@context\":\"https:\\\/\\\/schema.org\",\"@graph\":[{\"@type\":[\"Article\",\"BlogPosting\"],\"@id\":\"https:\\\/\\\/estherian.com\\\/tr\\\/mandy-mooreun-yeni-yuzu\\\/#article\",\"isPartOf\":{\"@id\":\"https:\\\/\\\/estherian.com\\\/tr\\\/mandy-mooreun-yeni-yuzu\\\/\"},\"author\":{\"name\":\"Content Writer\",\"@id\":\"https:\\\/\\\/estherian.com\\\/tr\\\/#\\\/schema\\\/person\\\/524a62072194761728d41c2a45465f80\"},\"headline\":\"Mandy Moore&#8217;un Yeni Y\u00fcz\u00fc: D\u00f6n\u00fc\u015f\u00fcm\u00fcn Arkas\u0131ndaki Operasyonlar\",\"datePublished\":\"2026-03-17T18:51:36+00:00\",\"dateModified\":\"2026-04-24T06:23:46+00:00\",\"mainEntityOfPage\":{\"@id\":\"https:\\\/\\\/estherian.com\\\/tr\\\/mandy-mooreun-yeni-yuzu\\\/\"},\"wordCount\":1468,\"publisher\":{\"@id\":\"https:\\\/\\\/estherian.com\\\/tr\\\/#organization\"},\"image\":{\"@id\":\"https:\\\/\\\/estherian.com\\\/tr\\\/mandy-mooreun-yeni-yuzu\\\/#primaryimage\"},\"thumbnailUrl\":\"https:\\\/\\\/estherian.com\\\/wp-content\\\/uploads\\\/2026\\\/03\\\/Mandy-Moores-new-face.jpg\",\"articleSection\":[\"Kozmetik Cerrahi\"],\"inLanguage\":\"tr\"},{\"@type\":\"WebPage\",\"@id\":\"https:\\\/\\\/estherian.com\\\/tr\\\/mandy-mooreun-yeni-yuzu\\\/\",\"url\":\"https:\\\/\\\/estherian.com\\\/tr\\\/mandy-mooreun-yeni-yuzu\\\/\",\"name\":\"Mandy Moore'un Yeni Y\u00fcz\u00fc: D\u00f6n\u00fc\u015f\u00fcm\u00fcn Arkas\u0131ndaki Operasyonlar | Estherian Clinic\",\"isPartOf\":{\"@id\":\"https:\\\/\\\/estherian.com\\\/tr\\\/#website\"},\"primaryImageOfPage\":{\"@id\":\"https:\\\/\\\/estherian.com\\\/tr\\\/mandy-mooreun-yeni-yuzu\\\/#primaryimage\"},\"image\":{\"@id\":\"https:\\\/\\\/estherian.com\\\/tr\\\/mandy-mooreun-yeni-yuzu\\\/#primaryimage\"},\"thumbnailUrl\":\"https:\\\/\\\/estherian.com\\\/wp-content\\\/uploads\\\/2026\\\/03\\\/Mandy-Moores-new-face.jpg\",\"datePublished\":\"2026-03-17T18:51:36+00:00\",\"dateModified\":\"2026-04-24T06:23:46+00:00\",\"description\":\"Bu blog, Mandy Moore'un yeni y\u00fcz\u00fcn\u00fcn ard\u0131ndaki olas\u0131 estetik i\u015flemleri ara\u015ft\u0131r\u0131yor ve bu i\u015flemlere daha derin bir bak\u0131\u015f sunuyor.\",\"breadcrumb\":{\"@id\":\"https:\\\/\\\/estherian.com\\\/tr\\\/mandy-mooreun-yeni-yuzu\\\/#breadcrumb\"},\"inLanguage\":\"tr\",\"potentialAction\":[{\"@type\":\"ReadAction\",\"target\":[\"https:\\\/\\\/estherian.com\\\/tr\\\/mandy-mooreun-yeni-yuzu\\\/\"]}]},{\"@type\":\"ImageObject\",\"inLanguage\":\"tr\",\"@id\":\"https:\\\/\\\/estherian.com\\\/tr\\\/mandy-mooreun-yeni-yuzu\\\/#primaryimage\",\"url\":\"https:\\\/\\\/estherian.com\\\/wp-content\\\/uploads\\\/2026\\\/03\\\/Mandy-Moores-new-face.jpg\",\"contentUrl\":\"https:\\\/\\\/estherian.com\\\/wp-content\\\/uploads\\\/2026\\\/03\\\/Mandy-Moores-new-face.jpg\",\"width\":1920,\"height\":1079,\"caption\":\"Mandy Moore's new face\"},{\"@type\":\"BreadcrumbList\",\"@id\":\"https:\\\/\\\/estherian.com\\\/tr\\\/mandy-mooreun-yeni-yuzu\\\/#breadcrumb\",\"itemListElement\":[{\"@type\":\"ListItem\",\"position\":1,\"name\":\"Home\",\"item\":\"https:\\\/\\\/estherian.com\\\/tr\\\/\"},{\"@type\":\"ListItem\",\"position\":2,\"name\":\"Mandy Moore&#8217;un Yeni Y\u00fcz\u00fc: D\u00f6n\u00fc\u015f\u00fcm\u00fcn Arkas\u0131ndaki Operasyonlar\"}]},{\"@type\":\"WebSite\",\"@id\":\"https:\\\/\\\/estherian.com\\\/tr\\\/#website\",\"url\":\"https:\\\/\\\/estherian.com\\\/tr\\\/\",\"name\":\"Estherian Clinic\",\"description\":\"Plastic Surgery | Dental | Hair Transplant in Turkey\",\"publisher\":{\"@id\":\"https:\\\/\\\/estherian.com\\\/tr\\\/#organization\"},\"potentialAction\":[{\"@type\":\"SearchAction\",\"target\":{\"@type\":\"EntryPoint\",\"urlTemplate\":\"https:\\\/\\\/estherian.com\\\/tr\\\/?s={search_term_string}\"},\"query-input\":{\"@type\":\"PropertyValueSpecification\",\"valueRequired\":true,\"valueName\":\"search_term_string\"}}],\"inLanguage\":\"tr\"},{\"@type\":\"Organization\",\"@id\":\"https:\\\/\\\/estherian.com\\\/tr\\\/#organization\",\"name\":\"Estherian Clinic\",\"alternateName\":\"Estherian\",\"url\":\"https:\\\/\\\/estherian.com\\\/tr\\\/\",\"logo\":{\"@type\":\"ImageObject\",\"inLanguage\":\"tr\",\"@id\":\"https:\\\/\\\/estherian.com\\\/tr\\\/#\\\/schema\\\/logo\\\/image\\\/\",\"url\":\"https:\\\/\\\/estherian.com\\\/wp-content\\\/uploads\\\/2024\\\/10\\\/EstherianLogo.png\",\"contentUrl\":\"https:\\\/\\\/estherian.com\\\/wp-content\\\/uploads\\\/2024\\\/10\\\/EstherianLogo.png\",\"width\":882,\"height\":934,\"caption\":\"Estherian Clinic\"},\"image\":{\"@id\":\"https:\\\/\\\/estherian.com\\\/tr\\\/#\\\/schema\\\/logo\\\/image\\\/\"},\"sameAs\":[\"https:\\\/\\\/www.facebook.com\\\/estherianclinic.en\",\"https:\\\/\\\/x.com\\\/EstherianTr\",\"https:\\\/\\\/www.instagram.com\\\/estherianclinic\\\/\",\"https:\\\/\\\/www.tiktok.com\\\/@estherian.clinic\",\"https:\\\/\\\/www.youtube.com\\\/estherianclinic\"],\"email\":\"hi@estherian.com\",\"telephone\":\"+90-544-169-9000\",\"legalName\":\"ESTHERIAN CLINIC SA\u011eLIK H\u0130ZMETLER\u0130 SAN. T\u0130C. LTD. \u015eT\u0130.\",\"foundingDate\":\"2020-03-09\",\"vatID\":\"TR1601485625\",\"taxID\":\"1601485625\",\"numberOfEmployees\":{\"@type\":\"QuantitativeValue\",\"minValue\":\"51\",\"maxValue\":\"200\"},\"publishingPrinciples\":\"https:\\\/\\\/estherian.com\\\/tr\\\/sartlar-ve-kosullar\\\/\",\"actionableFeedbackPolicy\":\"https:\\\/\\\/estherian.com\\\/tr\\\/gizlilik-politikasi\\\/\",\"correctionsPolicy\":\"https:\\\/\\\/estherian.com\\\/tr\\\/gizlilik-politikasi\\\/\",\"ethicsPolicy\":\"https:\\\/\\\/estherian.com\\\/tr\\\/gizlilik-politikasi\\\/\",\"diversityPolicy\":\"https:\\\/\\\/estherian.com\\\/tr\\\/gizlilik-politikasi\\\/\",\"diversityStaffingReport\":\"https:\\\/\\\/estherian.com\\\/tr\\\/gizlilik-politikasi\\\/\"},{\"@type\":\"Person\",\"@id\":\"https:\\\/\\\/estherian.com\\\/tr\\\/#\\\/schema\\\/person\\\/524a62072194761728d41c2a45465f80\",\"name\":\"Content Writer\",\"image\":{\"@type\":\"ImageObject\",\"inLanguage\":\"tr\",\"@id\":\"https:\\\/\\\/secure.gravatar.com\\\/avatar\\\/f389998cd02caa1b64369f86d777ca87123d9f380efd95738cabbccf6c948531?s=96&d=mm&r=g\",\"url\":\"https:\\\/\\\/secure.gravatar.com\\\/avatar\\\/f389998cd02caa1b64369f86d777ca87123d9f380efd95738cabbccf6c948531?s=96&d=mm&r=g\",\"contentUrl\":\"https:\\\/\\\/secure.gravatar.com\\\/avatar\\\/f389998cd02caa1b64369f86d777ca87123d9f380efd95738cabbccf6c948531?s=96&d=mm&r=g\",\"caption\":\"Content Writer\"}}]}<\/script>\n<!-- \/ Yoast SEO Premium plugin. -->","yoast_head_json":{"title":"Mandy Moore'un Yeni Y\u00fcz\u00fc: D\u00f6n\u00fc\u015f\u00fcm\u00fcn Arkas\u0131ndaki Operasyonlar | Estherian Clinic","description":"Bu blog, Mandy Moore'un yeni y\u00fcz\u00fcn\u00fcn ard\u0131ndaki olas\u0131 estetik i\u015flemleri ara\u015ft\u0131r\u0131yor ve bu i\u015flemlere daha derin bir bak\u0131\u015f sunuyor.","robots":{"index":"index","follow":"follow","max-snippet":"max-snippet:-1","max-image-preview":"max-image-preview:large","max-video-preview":"max-video-preview:-1"},"canonical":"https:\/\/estherian.com\/tr\/mandy-mooreun-yeni-yuzu\/","og_locale":"tr_TR","og_type":"article","og_title":"Mandy Moore'un Yeni Y\u00fcz\u00fc: D\u00f6n\u00fc\u015f\u00fcm\u00fcn Arkas\u0131ndaki Operasyonlar","og_description":"Take a seat and read some news about beauty. Estherian Clinic is publishing regular blog posts to learn details about plastic surgery, dental treatments and related services.","og_url":"https:\/\/estherian.com\/tr\/mandy-mooreun-yeni-yuzu\/","og_site_name":"Estherian Clinic","article_publisher":"https:\/\/www.facebook.com\/estherianclinic.en","article_published_time":"2026-03-17T18:51:36+00:00","article_modified_time":"2026-04-24T06:23:46+00:00","og_image":[{"width":1920,"height":1079,"url":"https:\/\/estherian.com\/wp-content\/uploads\/2026\/03\/Mandy-Moores-new-face.jpg","type":"image\/jpeg"}],"author":"Content Writer","twitter_card":"summary_large_image","twitter_creator":"@EstherianTr","twitter_site":"@EstherianTr","twitter_misc":{"Yazan:":"Content Writer","Tahmini okuma s\u00fcresi":"8 dakika"},"schema":{"@context":"https:\/\/schema.org","@graph":[{"@type":["Article","BlogPosting"],"@id":"https:\/\/estherian.com\/tr\/mandy-mooreun-yeni-yuzu\/#article","isPartOf":{"@id":"https:\/\/estherian.com\/tr\/mandy-mooreun-yeni-yuzu\/"},"author":{"name":"Content Writer","@id":"https:\/\/estherian.com\/tr\/#\/schema\/person\/524a62072194761728d41c2a45465f80"},"headline":"Mandy Moore&#8217;un Yeni Y\u00fcz\u00fc: D\u00f6n\u00fc\u015f\u00fcm\u00fcn Arkas\u0131ndaki Operasyonlar","datePublished":"2026-03-17T18:51:36+00:00","dateModified":"2026-04-24T06:23:46+00:00","mainEntityOfPage":{"@id":"https:\/\/estherian.com\/tr\/mandy-mooreun-yeni-yuzu\/"},"wordCount":1468,"publisher":{"@id":"https:\/\/estherian.com\/tr\/#organization"},"image":{"@id":"https:\/\/estherian.com\/tr\/mandy-mooreun-yeni-yuzu\/#primaryimage"},"thumbnailUrl":"https:\/\/estherian.com\/wp-content\/uploads\/2026\/03\/Mandy-Moores-new-face.jpg","articleSection":["Kozmetik Cerrahi"],"inLanguage":"tr"},{"@type":"WebPage","@id":"https:\/\/estherian.com\/tr\/mandy-mooreun-yeni-yuzu\/","url":"https:\/\/estherian.com\/tr\/mandy-mooreun-yeni-yuzu\/","name":"Mandy Moore'un Yeni Y\u00fcz\u00fc: D\u00f6n\u00fc\u015f\u00fcm\u00fcn Arkas\u0131ndaki Operasyonlar | Estherian Clinic","isPartOf":{"@id":"https:\/\/estherian.com\/tr\/#website"},"primaryImageOfPage":{"@id":"https:\/\/estherian.com\/tr\/mandy-mooreun-yeni-yuzu\/#primaryimage"},"image":{"@id":"https:\/\/estherian.com\/tr\/mandy-mooreun-yeni-yuzu\/#primaryimage"},"thumbnailUrl":"https:\/\/estherian.com\/wp-content\/uploads\/2026\/03\/Mandy-Moores-new-face.jpg","datePublished":"2026-03-17T18:51:36+00:00","dateModified":"2026-04-24T06:23:46+00:00","description":"Bu blog, Mandy Moore'un yeni y\u00fcz\u00fcn\u00fcn ard\u0131ndaki olas\u0131 estetik i\u015flemleri ara\u015ft\u0131r\u0131yor ve bu i\u015flemlere daha derin bir bak\u0131\u015f sunuyor.","breadcrumb":{"@id":"https:\/\/estherian.com\/tr\/mandy-mooreun-yeni-yuzu\/#breadcrumb"},"inLanguage":"tr","potentialAction":[{"@type":"ReadAction","target":["https:\/\/estherian.com\/tr\/mandy-mooreun-yeni-yuzu\/"]}]},{"@type":"ImageObject","inLanguage":"tr","@id":"https:\/\/estherian.com\/tr\/mandy-mooreun-yeni-yuzu\/#primaryimage","url":"https:\/\/estherian.com\/wp-content\/uploads\/2026\/03\/Mandy-Moores-new-face.jpg","contentUrl":"https:\/\/estherian.com\/wp-content\/uploads\/2026\/03\/Mandy-Moores-new-face.jpg","width":1920,"height":1079,"caption":"Mandy Moore's new face"},{"@type":"BreadcrumbList","@id":"https:\/\/estherian.com\/tr\/mandy-mooreun-yeni-yuzu\/#breadcrumb","itemListElement":[{"@type":"ListItem","position":1,"name":"Home","item":"https:\/\/estherian.com\/tr\/"},{"@type":"ListItem","position":2,"name":"Mandy Moore&#8217;un Yeni Y\u00fcz\u00fc: D\u00f6n\u00fc\u015f\u00fcm\u00fcn Arkas\u0131ndaki Operasyonlar"}]},{"@type":"WebSite","@id":"https:\/\/estherian.com\/tr\/#website","url":"https:\/\/estherian.com\/tr\/","name":"Estherian Clinic","description":"Plastic Surgery | Dental | Hair Transplant in Turkey","publisher":{"@id":"https:\/\/estherian.com\/tr\/#organization"},"potentialAction":[{"@type":"SearchAction","target":{"@type":"EntryPoint","urlTemplate":"https:\/\/estherian.com\/tr\/?s={search_term_string}"},"query-input":{"@type":"PropertyValueSpecification","valueRequired":true,"valueName":"search_term_string"}}],"inLanguage":"tr"},{"@type":"Organization","@id":"https:\/\/estherian.com\/tr\/#organization","name":"Estherian Clinic","alternateName":"Estherian","url":"https:\/\/estherian.com\/tr\/","logo":{"@type":"ImageObject","inLanguage":"tr","@id":"https:\/\/estherian.com\/tr\/#\/schema\/logo\/image\/","url":"https:\/\/estherian.com\/wp-content\/uploads\/2024\/10\/EstherianLogo.png","contentUrl":"https:\/\/estherian.com\/wp-content\/uploads\/2024\/10\/EstherianLogo.png","width":882,"height":934,"caption":"Estherian Clinic"},"image":{"@id":"https:\/\/estherian.com\/tr\/#\/schema\/logo\/image\/"},"sameAs":["https:\/\/www.facebook.com\/estherianclinic.en","https:\/\/x.com\/EstherianTr","https:\/\/www.instagram.com\/estherianclinic\/","https:\/\/www.tiktok.com\/@estherian.clinic","https:\/\/www.youtube.com\/estherianclinic"],"email":"hi@estherian.com","telephone":"+90-544-169-9000","legalName":"ESTHERIAN CLINIC SA\u011eLIK H\u0130ZMETLER\u0130 SAN. T\u0130C. LTD. \u015eT\u0130.","foundingDate":"2020-03-09","vatID":"TR1601485625","taxID":"1601485625","numberOfEmployees":{"@type":"QuantitativeValue","minValue":"51","maxValue":"200"},"publishingPrinciples":"https:\/\/estherian.com\/tr\/sartlar-ve-kosullar\/","actionableFeedbackPolicy":"https:\/\/estherian.com\/tr\/gizlilik-politikasi\/","correctionsPolicy":"https:\/\/estherian.com\/tr\/gizlilik-politikasi\/","ethicsPolicy":"https:\/\/estherian.com\/tr\/gizlilik-politikasi\/","diversityPolicy":"https:\/\/estherian.com\/tr\/gizlilik-politikasi\/","diversityStaffingReport":"https:\/\/estherian.com\/tr\/gizlilik-politikasi\/"},{"@type":"Person","@id":"https:\/\/estherian.com\/tr\/#\/schema\/person\/524a62072194761728d41c2a45465f80","name":"Content Writer","image":{"@type":"ImageObject","inLanguage":"tr","@id":"https:\/\/secure.gravatar.com\/avatar\/f389998cd02caa1b64369f86d777ca87123d9f380efd95738cabbccf6c948531?s=96&d=mm&r=g","url":"https:\/\/secure.gravatar.com\/avatar\/f389998cd02caa1b64369f86d777ca87123d9f380efd95738cabbccf6c948531?s=96&d=mm&r=g","contentUrl":"https:\/\/secure.gravatar.com\/avatar\/f389998cd02caa1b64369f86d777ca87123d9f380efd95738cabbccf6c948531?s=96&d=mm&r=g","caption":"Content Writer"}}]}},"_links":{"self":[{"href":"https:\/\/estherian.com\/tr\/wp-json\/wp\/v2\/posts\/43228","targetHints":{"allow":["GET"]}}],"collection":[{"href":"https:\/\/estherian.com\/tr\/wp-json\/wp\/v2\/posts"}],"about":[{"href":"https:\/\/estherian.com\/tr\/wp-json\/wp\/v2\/types\/post"}],"author":[{"embeddable":true,"href":"https:\/\/estherian.com\/tr\/wp-json\/wp\/v2\/users\/10"}],"replies":[{"embeddable":true,"href":"https:\/\/estherian.com\/tr\/wp-json\/wp\/v2\/comments?post=43228"}],"version-history":[{"count":3,"href":"https:\/\/estherian.com\/tr\/wp-json\/wp\/v2\/posts\/43228\/revisions"}],"predecessor-version":[{"id":44168,"href":"https:\/\/estherian.com\/tr\/wp-json\/wp\/v2\/posts\/43228\/revisions\/44168"}],"wp:featuredmedia":[{"embeddable":true,"href":"https:\/\/estherian.com\/tr\/wp-json\/wp\/v2\/media\/43230"}],"wp:attachment":[{"href":"https:\/\/estherian.com\/tr\/wp-json\/wp\/v2\/media?parent=43228"}],"wp:term":[{"taxonomy":"category","embeddable":true,"href":"https:\/\/estherian.com\/tr\/wp-json\/wp\/v2\/categories?post=43228"},{"taxonomy":"post_tag","embeddable":true,"href":"https:\/\/estherian.com\/tr\/wp-json\/wp\/v2\/tags?post=43228"}],"curies":[{"name":"wp","href":"https:\/\/api.w.org\/{rel}","templated":true}]}}